{"id":4634,"date":"2025-11-21T01:20:28","date_gmt":"2025-11-21T04:20:28","guid":{"rendered":"https:\/\/www.opticadigital.cl\/opticadigital2023\/?p=4634"},"modified":"2025-11-21T01:36:13","modified_gmt":"2025-11-21T04:36:13","slug":"cotizar-lentes","status":"publish","type":"post","link":"https:\/\/www.opticadigital.cl\/opticadigital2023\/2025\/11\/21\/cotizar-lentes\/","title":{"rendered":"Cotizar lentes \u00f3pticos con receta"},"content":{"rendered":"\n<p class=\"has-ast-global-color-7-color has-text-color has-link-color wp-elements-6b229f64e4a4174e256d2bd93c556628\">Para cotizar lentes \u00f3pticos,\u00a0debes presentar tu receta con nuestro asesor de ventas, la analizaremos y te aconsejaremos la mejor soluci\u00f3n para corregir tu problema visual. Luego podr\u00e1s elegir el armaz\u00f3n entre muchos modelos y dise\u00f1os que sean acorde a la forma de tu rostro. Adem\u00e1s podr\u00e1s elegir los tratamientos y filtros que necesites.\u00a0Nuestros precios var\u00edan seg\u00fan tipo de crsital (monofocal, bifocal o multifocal) y los tratamientos adicionales, como el filtro azul o el fotocrom\u00e1tico.\u00a0<\/p>\n\n\n\n<p class=\"has-ast-global-color-7-color has-text-color has-link-color wp-elements-5438defacf87270e8c6bff436ca7de1b\">Al finalizar tu compra recibir\u00e1s tus nuevos lentes, receta y boleta personalizada para que puedas gestionar tu reembolso de Isapre o Fonasa, como tambi\u00e9n presentarla en tu Seguro complementario o beneficios de empresa.&nbsp;<\/p>\n\n\n\n<p class=\"has-ast-global-color-7-color has-text-color has-link-color wp-elements-2598519602d3102466aebfc47563deb7\"><strong>Nuestra oferta es Todo incluido<\/strong><\/p>\n\n\n\n<ul class=\"wp-block-list\">\n<li class=\"has-ast-global-color-7-color has-text-color has-link-color wp-elements-05e1129f53a61734dccd1aa8d2b70f71\"><strong>Armaz\u00f3n:<\/strong>\u00a0<\/li>\n<\/ul>\n\n\n\n<p class=\"has-ast-global-color-7-color has-text-color has-link-color wp-elements-ff035daff96252423b4a257366368c11\">Podr\u00e1s elegir el que tu quieras, pru\u00e9bate todo y escoge el que m\u00e1s te guste.&nbsp;<\/p>\n\n\n\n<ul class=\"wp-block-list\">\n<li class=\"has-ast-global-color-7-color has-text-color has-link-color wp-elements-1caf2976a752462ea9db54913dfda2b7\"><strong>Tipo de cristal:<\/strong>\u00a0<\/li>\n<\/ul>\n\n\n\n<p class=\"has-ast-global-color-7-color has-text-color has-link-color wp-elements-8da66c296863af9f6ddc2cea71e448c1\">Monofocales, Bifocales o Multifocales (Progresivos), cada uno con diferentes precios.<\/p>\n\n\n\n<ul class=\"wp-block-list\">\n<li class=\"has-ast-global-color-7-color has-text-color has-link-color wp-elements-530745965558a5429fd45963e9b04eb9\"><strong>Tratamientos:<\/strong>\u00a0<\/li>\n<\/ul>\n\n\n\n<ul class=\"wp-block-list\">\n<li class=\"has-ast-global-color-7-color has-text-color has-link-color wp-elements-bcd42ddd33eece49e20c4e9f229889ea\">Antirreflejo<\/li>\n\n\n\n<li class=\"has-ast-global-color-7-color has-text-color has-link-color wp-elements-d564a92a9c853779973f28de3a42fef8\">Filtro azul<\/li>\n\n\n\n<li class=\"has-ast-global-color-7-color has-text-color has-link-color wp-elements-9c1d5f34f923bc768949f0657df013d6\">Filtro UV<\/li>\n\n\n\n<li class=\"has-ast-global-color-7-color has-text-color has-link-color wp-elements-e37193b8a457ecd32bb53b83915677a1\">Super hidrof\u00f3bicas<\/li>\n\n\n\n<li class=\"has-ast-global-color-7-color has-text-color has-link-color wp-elements-4e2462282da4d088c49d02f97d90ddff\">Fotocrom\u00e1ticos<\/li>\n\n\n\n<li class=\"has-ast-global-color-7-color has-text-color has-link-color wp-elements-d17c1f6b7d9b713f8063c5d3ccc95ddd\">Antidestello (para conductores)<\/li>\n\n\n\n<li class=\"has-ast-global-color-7-color has-text-color has-link-color wp-elements-a63b19c816a761cdb4dbed331edc2c22\">Infrarojo IR<\/li>\n\n\n\n<li class=\"has-ast-global-color-7-color has-text-color has-link-color wp-elements-69374e9524c3c704605a2edc3ae803a9\">Filtros m\u00e9dicos<\/li>\n<\/ul>\n\n\n\n<ul class=\"wp-block-list\">\n<li class=\"has-ast-global-color-7-color has-text-color has-link-color wp-elements-d4c196b809ef8a9e443f27ac87e2178e\"><strong>Material del cristal:<\/strong>\u00a0<\/li>\n\n\n\n<li class=\"has-ast-global-color-7-color has-text-color has-link-color wp-elements-a1c61e19a656bf9c4a5907108edbdeae\">Org\u00e1nico CR39<\/li>\n\n\n\n<li class=\"has-ast-global-color-7-color has-text-color has-link-color wp-elements-4596e2f71210e5740d8079917bbc00e4\">Mineral<\/li>\n\n\n\n<li class=\"has-ast-global-color-7-color has-text-color has-link-color wp-elements-6031ce3f12ded1bb93d9c6797c9d269b\">Policarbonato<\/li>\n\n\n\n<li class=\"has-ast-global-color-7-color has-text-color has-link-color wp-elements-6248c4111d6f9bb47f7429cb071b08c7\">Ultravex MR8<\/li>\n<\/ul>\n\n\n\n<ul class=\"wp-block-list\"><\/ul>\n\n\n\n<p class=\"has-ast-global-color-7-color has-text-color has-link-color wp-elements-7f49291a6798c3171cfa8f861ac7cf98\"><strong>\u00cdndice de refracci\u00f3n (grosor del cristal)<\/strong><\/p>\n\n\n\n<div class=\"wp-block-group is-vertical is-layout-flex wp-container-core-group-is-layout-fe9cc265 wp-block-group-is-layout-flex\">\n<p class=\"has-ast-global-color-7-color has-text-color has-link-color wp-elements-ce43d9dbdd6744f3f5f8e262a300296f\">1.74 (20% m\u00e1s delgado que 1.67)<\/p>\n\n\n\n<p class=\"has-ast-global-color-7-color has-text-color has-link-color wp-elements-1d3432693df9e28fab7f8fdf9d808e51\">1.56 (20% m\u00e1s delgado que 1.49)<\/p>\n\n\n\n<p class=\"has-ast-global-color-7-color has-text-color has-link-color wp-elements-71464d1247994281446bb6fd79919a73\">1.67 (20% m\u00e1s delgado que 1.56)<\/p>\n<\/div>\n\n\n\n<p class=\"has-ast-global-color-7-color has-text-color has-link-color wp-elements-59b712c4370b6e3ca2a0384ef295932b\"><\/p>\n\n\n\n<p class=\"has-ast-global-color-7-color has-text-color has-link-color wp-elements-db9ca928bf7ebe9e8050d48151e45fbd\">Env\u00edanos tu receta<\/p>\n\n\n\n<p><a href=\"https:\/\/wa.me\/56975785541\" target=\"_blank\" rel=\"noreferrer noopener\">Picha aqu\u00ed pa enviarnos un Whatsapp<\/a><\/p>\n\n\n\n<p><a href=\"https:\/\/www.opticadigital.cl\/opticadigital2023\" data-type=\"link\" data-id=\"https:\/\/www.opticadigital.cl\/opticadigital2023\">Vuelve al Home<\/a><\/p>\n","protected":false},"excerpt":{"rendered":"<p>Para cotizar lentes \u00f3pticos,\u00a0debes presentar tu receta con nuestro asesor de ventas, la analizaremos y te aconsejaremos la mejor soluci\u00f3n para corregir tu problema visual. Luego podr\u00e1s elegir el armaz\u00f3n entre muchos modelos y dise\u00f1os que sean acorde a la forma de tu rostro. Adem\u00e1s podr\u00e1s elegir los tratamientos y filtros que necesites.\u00a0Nuestros precios var\u00edan [&hellip;]<\/p>\n","protected":false},"author":1,"featured_media":4638,"comment_status":"open","ping_status":"open","sticky":false,"template":"","format":"standard","meta":{"site-sidebar-layout":"default","site-content-layout":"","ast-site-content-layout":"default","site-content-style":"default","site-sidebar-style":"default","ast-global-header-display":"","ast-banner-title-visibility":"","ast-main-header-display":"","ast-hfb-above-header-display":"","ast-hfb-below-header-display":"","ast-hfb-mobile-header-display":"","site-post-title":"","ast-breadcrumbs-content":"","ast-featured-img":"","footer-sml-layout":"","ast-disable-related-posts":"","theme-transparent-header-meta":"","adv-header-id-meta":"","stick-header-meta":"","header-above-stick-meta":"","header-main-stick-meta":"","header-below-stick-meta":"","astra-migrate-meta-layouts":"set","ast-page-background-enabled":"default","ast-page-background-meta":{"desktop":{"background-color":"","background-image":"","background-repeat":"repeat","background-position":"center center","background-size":"auto","background-attachment":"scroll","background-type":"","background-media":"","overlay-type":"","overlay-color":"","overlay-opacity":"","overlay-gradient":""},"tablet":{"background-color":"","background-image":"","background-repeat":"repeat","background-position":"center center","background-size":"auto","background-attachment":"scroll","background-type":"","background-media":"","overlay-type":"","overlay-color":"","overlay-opacity":"","overlay-gradient":""},"mobile":{"background-color":"","background-image":"","background-repeat":"repeat","background-position":"center center","background-size":"auto","background-attachment":"scroll","background-type":"","background-media":"","overlay-type":"","overlay-color":"","overlay-opacity":"","overlay-gradient":""}},"ast-content-background-meta":{"desktop":{"background-color":"var(--ast-global-color-5)","background-image":"","background-repeat":"repeat","background-position":"center center","background-size":"auto","background-attachment":"scroll","background-type":"","background-media":"","overlay-type":"","overlay-color":"","overlay-opacity":"","overlay-gradient":""},"tablet":{"background-color":"var(--ast-global-color-5)","background-image":"","background-repeat":"repeat","background-position":"center center","background-size":"auto","background-attachment":"scroll","background-type":"","background-media":"","overlay-type":"","overlay-color":"","overlay-opacity":"","overlay-gradient":""},"mobile":{"background-color":"var(--ast-global-color-5)","background-image":"","background-repeat":"repeat","background-position":"center center","background-size":"auto","background-attachment":"scroll","background-type":"","background-media":"","overlay-type":"","overlay-color":"","overlay-opacity":"","overlay-gradient":""}},"footnotes":""},"categories":[1],"tags":[],"class_list":["post-4634","post","type-post","status-publish","format-standard","has-post-thumbnail","hentry","category-sin-categoria"],"_links":{"self":[{"href":"https:\/\/www.opticadigital.cl\/opticadigital2023\/wp-json\/wp\/v2\/posts\/4634","targetHints":{"allow":["GET"]}}],"collection":[{"href":"https:\/\/www.opticadigital.cl\/opticadigital2023\/wp-json\/wp\/v2\/posts"}],"about":[{"href":"https:\/\/www.opticadigital.cl\/opticadigital2023\/wp-json\/wp\/v2\/types\/post"}],"author":[{"embeddable":true,"href":"https:\/\/www.opticadigital.cl\/opticadigital2023\/wp-json\/wp\/v2\/users\/1"}],"replies":[{"embeddable":true,"href":"https:\/\/www.opticadigital.cl\/opticadigital2023\/wp-json\/wp\/v2\/comments?post=4634"}],"version-history":[{"count":2,"href":"https:\/\/www.opticadigital.cl\/opticadigital2023\/wp-json\/wp\/v2\/posts\/4634\/revisions"}],"predecessor-version":[{"id":4640,"href":"https:\/\/www.opticadigital.cl\/opticadigital2023\/wp-json\/wp\/v2\/posts\/4634\/revisions\/4640"}],"wp:featuredmedia":[{"embeddable":true,"href":"https:\/\/www.opticadigital.cl\/opticadigital2023\/wp-json\/wp\/v2\/media\/4638"}],"wp:attachment":[{"href":"https:\/\/www.opticadigital.cl\/opticadigital2023\/wp-json\/wp\/v2\/media?parent=4634"}],"wp:term":[{"taxonomy":"category","embeddable":true,"href":"https:\/\/www.opticadigital.cl\/opticadigital2023\/wp-json\/wp\/v2\/categories?post=4634"},{"taxonomy":"post_tag","embeddable":true,"href":"https:\/\/www.opticadigital.cl\/opticadigital2023\/wp-json\/wp\/v2\/tags?post=4634"}],"curies":[{"name":"wp","href":"https:\/\/api.w.org\/{rel}","templated":true}]}}