{"id":4296,"date":"2025-07-04T02:47:03","date_gmt":"2025-07-04T05:47:03","guid":{"rendered":"https:\/\/www.opticadigital.cl\/opticadigital2023\/?p=4296"},"modified":"2025-09-26T01:08:07","modified_gmt":"2025-09-26T04:08:07","slug":"se-necesita-receta-para-comprar-lentes-opticos","status":"publish","type":"post","link":"https:\/\/www.opticadigital.cl\/opticadigital2023\/2025\/07\/04\/se-necesita-receta-para-comprar-lentes-opticos\/","title":{"rendered":"\u00bfse necesita 1 receta para comprar lentes \u00f3pticos?"},"content":{"rendered":"\n<p class=\"has-ast-global-color-7-color has-text-color has-link-color wp-elements-28ebf5cc271abdd2d2f0db4a14c53066\">S\u00ed, en <strong>Chile se necesita una receta m\u00e9dica<\/strong> para comprar lentes \u00f3pticos con correcci\u00f3n visual (es decir, con fuerza di\u00f3ptrica o aumento).<\/p>\n\n\n\n<hr class=\"wp-block-separator has-alpha-channel-opacity\"\/>\n\n\n\n<h3 class=\"wp-block-heading has-ast-global-color-7-color has-text-color has-link-color wp-elements-0484b559157a2568b7573c4f9923e086\">\ud83d\udcc4 \u00bfCu\u00e1ndo se necesita receta para comprar lentes?<\/h3>\n\n\n\n<h4 class=\"wp-block-heading has-ast-global-color-7-color has-text-color has-link-color wp-elements-074e83d00d1855d9bcf715a3a9b481c3\">\u2705 <strong>Se necesita receta m\u00e9dica para:<\/strong><\/h4>\n\n\n\n<ul class=\"wp-block-list\">\n<li class=\"has-ast-global-color-7-color has-text-color has-link-color wp-elements-070fb60f19a34f5cb8485edb6bf9f064\">Lentes \u00f3pticos con correcci\u00f3n para <strong>miop\u00eda, hipermetrop\u00eda, astigmatismo o presbicia avanzada<\/strong>.<\/li>\n\n\n\n<li class=\"has-ast-global-color-7-color has-text-color has-link-color wp-elements-7628ab961d1588a3244f3d87e4b70df9\">Lentes de contacto.<\/li>\n\n\n\n<li class=\"has-ast-global-color-7-color has-text-color has-link-color wp-elements-1c10b3a5af1bdeefa31c813d8800253f\">Lentes multifocales o progresivos.<\/li>\n<\/ul>\n\n\n\n<h4 class=\"wp-block-heading has-ast-global-color-7-color has-text-color has-link-color wp-elements-4e78225166b57b9c968591058ebef1e4\">\u274c <strong>No se necesita receta para:<\/strong><\/h4>\n\n\n\n<ul class=\"wp-block-list\">\n<li class=\"has-ast-global-color-7-color has-text-color has-link-color wp-elements-9c0c6a0ca02096374269d42d3547b3cc\">Lentes para <strong>presbicia leve<\/strong> (lectura), con aumento igual en ambos ojos y sin correcci\u00f3n de astigmatismo.<\/li>\n\n\n\n<li class=\"has-ast-global-color-7-color has-text-color has-link-color wp-elements-18d3042f6792fbe52d477be0ef4b7f55\">Estos se pueden comprar en \u00f3pticas, farmacias e incluso supermercados.<\/li>\n\n\n\n<li class=\"has-ast-global-color-7-color has-text-color has-link-color wp-elements-80cd7a01752bc4bc960d08267bfbe634\">Deben incluir una advertencia sobre la importancia de una evaluaci\u00f3n oftalmol\u00f3gica.<\/li>\n<\/ul>\n\n\n\n<hr class=\"wp-block-separator has-alpha-channel-opacity\"\/>\n\n\n\n<h3 class=\"wp-block-heading has-ast-global-color-7-color has-text-color has-link-color wp-elements-e294d67927470a3f104f434c0eab8ca1\">\ud83d\udc69\u200d\u2695\ufe0f \u00bfQui\u00e9n puede emitir una receta?<\/h3>\n\n\n\n<p class=\"has-ast-global-color-7-color has-text-color has-link-color wp-elements-99c475d3d064843ed18635ae31808035\">Gracias a una normativa reciente, <strong>no s\u00f3lo los Oftalm\u00f3logos<\/strong> pueden emitir recetas \u00f3pticas. Tambi\u00e9n pueden hacerlo:<\/p>\n\n\n\n<ul class=\"wp-block-list\">\n<li class=\"has-ast-global-color-7-color has-text-color has-link-color wp-elements-2a67c6403cb7196f6ee8b74d5a75e2b0\"><strong>Optometristas<\/strong> con t\u00edtulo validado en Chile.<\/li>\n\n\n\n<li class=\"has-ast-global-color-7-color has-text-color has-link-color wp-elements-3a6a426cb7640d8a23c1da9af1636fce\"><strong>Tecn\u00f3logos m\u00e9dicos<\/strong> con menci\u00f3n en oftalmolog\u00eda.<\/li>\n<\/ul>\n\n\n\n<p class=\"has-ast-global-color-7-color has-text-color has-link-color wp-elements-2264b0211d33b97f3affe38f3a1dfaa1\">Esto ha facilitado el acceso a recetas en \u00f3pticas que cuentan con estos profesionales.<\/p>\n\n\n\n<hr class=\"wp-block-separator has-alpha-channel-opacity\"\/>\n\n\n\n<h3 class=\"wp-block-heading has-ast-global-color-7-color has-text-color has-link-color wp-elements-210db67301b257ed0460b85adf78ae99\">\ud83d\udd52 \u00bfCu\u00e1nto dura una receta \u00f3ptica?<\/h3>\n\n\n\n<ul class=\"wp-block-list\">\n<li class=\"has-ast-global-color-7-color has-text-color has-link-color wp-elements-51ba27e3fbc9227fc371acf8c04f45f9\">Generalmente tiene una <strong>vigencia de 6 a 12 meses<\/strong>, dependiendo del diagn\u00f3stico y la edad del paciente.<\/li>\n\n\n\n<li class=\"has-ast-global-color-7-color has-text-color has-link-color wp-elements-92c02b0e54c294ef5fae48659be7882b\">Para ni\u00f1os o personas con cambios frecuentes en la visi\u00f3n, se recomienda actualizarla cada 6 meses.<\/li>\n<\/ul>\n\n\n\n<hr class=\"wp-block-separator has-alpha-channel-opacity\"\/>\n\n\n\n<h3 class=\"wp-block-heading has-ast-global-color-7-color has-text-color has-link-color wp-elements-a18ae79c6e7ac9e8d0a95e6cc12bebb5\">\ud83d\ude0e \u00bfpara comprar lentes de sol, se necesita una receta \u00f3ptica?<\/h3>\n\n\n\n<ul class=\"wp-block-list\">\n<li class=\"has-ast-global-color-7-color has-text-color has-link-color wp-elements-9c1b9eab2138296dc84c1df0da143fc3\">No, para lentes neutros que s\u00f3lo cumplan la necesidad de bloquear la luz del sol.<\/li>\n\n\n\n<li>Si, si eres usuario de anteojos \u00f3pticos y quieres tener unos lentes de sol con tu graduaci\u00f3n.<\/li>\n<\/ul>\n\n\n\n<h3 class=\"wp-block-heading has-ast-global-color-7-color has-text-color has-link-color wp-elements-09054b5d40ebd62c04c861a8b005acf3\">\ud83d\ude0e \u00bfd\u00f3nde puedes hacer tu examen visual?<\/h3>\n\n\n\n<ul class=\"wp-block-list\">\n<li><a href=\"http:\/\/www.opticadigital.cl\">www.opticadigital.cl<\/a><\/li>\n\n\n\n<li class=\"has-ast-global-color-7-color has-text-color has-link-color wp-elements-4cf247425152adf35d1ff1cf754ca5ea\">Todos los jueves de 10 a 14 hrs.<\/li>\n<\/ul>\n\n\n\n<p class=\"has-ast-global-color-7-color has-text-color has-link-color wp-elements-3dcdf0bbfcf792e382a1f28fae5068f9\">Santo Domingo 188, Puente Alto<\/p>\n\n\n\n<p><\/p>\n\n\n\n<p><\/p>\n","protected":false},"excerpt":{"rendered":"<p>S\u00ed, en Chile se necesita una receta m\u00e9dica para comprar lentes \u00f3pticos con correcci\u00f3n visual (es decir, con fuerza di\u00f3ptrica o aumento). \ud83d\udcc4 \u00bfCu\u00e1ndo se necesita receta para comprar lentes? \u2705 Se necesita receta m\u00e9dica para: \u274c No se necesita receta para: \ud83d\udc69\u200d\u2695\ufe0f \u00bfQui\u00e9n puede emitir una receta? Gracias a una normativa reciente, no s\u00f3lo [&hellip;]<\/p>\n","protected":false},"author":1,"featured_media":4307,"comment_status":"open","ping_status":"open","sticky":false,"template":"","format":"standard","meta":{"site-sidebar-layout":"default","site-content-layout":"","ast-site-content-layout":"default","site-content-style":"default","site-sidebar-style":"default","ast-global-header-display":"","ast-banner-title-visibility":"","ast-main-header-display":"","ast-hfb-above-header-display":"","ast-hfb-below-header-display":"","ast-hfb-mobile-header-display":"","site-post-title":"","ast-breadcrumbs-content":"","ast-featured-img":"","footer-sml-layout":"","ast-disable-related-posts":"","theme-transparent-header-meta":"","adv-header-id-meta":"","stick-header-meta":"","header-above-stick-meta":"","header-main-stick-meta":"","header-below-stick-meta":"","astra-migrate-meta-layouts":"set","ast-page-background-enabled":"default","ast-page-background-meta":{"desktop":{"background-color":"","background-image":"","background-repeat":"repeat","background-position":"center center","background-size":"auto","background-attachment":"scroll","background-type":"","background-media":"","overlay-type":"","overlay-color":"","overlay-opacity":"","overlay-gradient":""},"tablet":{"background-color":"","background-image":"","background-repeat":"repeat","background-position":"center center","background-size":"auto","background-attachment":"scroll","background-type":"","background-media":"","overlay-type":"","overlay-color":"","overlay-opacity":"","overlay-gradient":""},"mobile":{"background-color":"","background-image":"","background-repeat":"repeat","background-position":"center center","background-size":"auto","background-attachment":"scroll","background-type":"","background-media":"","overlay-type":"","overlay-color":"","overlay-opacity":"","overlay-gradient":""}},"ast-content-background-meta":{"desktop":{"background-color":"var(--ast-global-color-5)","background-image":"","background-repeat":"repeat","background-position":"center center","background-size":"auto","background-attachment":"scroll","background-type":"","background-media":"","overlay-type":"","overlay-color":"","overlay-opacity":"","overlay-gradient":""},"tablet":{"background-color":"var(--ast-global-color-5)","background-image":"","background-repeat":"repeat","background-position":"center center","background-size":"auto","background-attachment":"scroll","background-type":"","background-media":"","overlay-type":"","overlay-color":"","overlay-opacity":"","overlay-gradient":""},"mobile":{"background-color":"var(--ast-global-color-5)","background-image":"","background-repeat":"repeat","background-position":"center center","background-size":"auto","background-attachment":"scroll","background-type":"","background-media":"","overlay-type":"","overlay-color":"","overlay-opacity":"","overlay-gradient":""}},"footnotes":""},"categories":[1],"tags":[],"class_list":["post-4296","post","type-post","status-publish","format-standard","has-post-thumbnail","hentry","category-sin-categoria"],"_links":{"self":[{"href":"https:\/\/www.opticadigital.cl\/opticadigital2023\/wp-json\/wp\/v2\/posts\/4296","targetHints":{"allow":["GET"]}}],"collection":[{"href":"https:\/\/www.opticadigital.cl\/opticadigital2023\/wp-json\/wp\/v2\/posts"}],"about":[{"href":"https:\/\/www.opticadigital.cl\/opticadigital2023\/wp-json\/wp\/v2\/types\/post"}],"author":[{"embeddable":true,"href":"https:\/\/www.opticadigital.cl\/opticadigital2023\/wp-json\/wp\/v2\/users\/1"}],"replies":[{"embeddable":true,"href":"https:\/\/www.opticadigital.cl\/opticadigital2023\/wp-json\/wp\/v2\/comments?post=4296"}],"version-history":[{"count":3,"href":"https:\/\/www.opticadigital.cl\/opticadigital2023\/wp-json\/wp\/v2\/posts\/4296\/revisions"}],"predecessor-version":[{"id":4538,"href":"https:\/\/www.opticadigital.cl\/opticadigital2023\/wp-json\/wp\/v2\/posts\/4296\/revisions\/4538"}],"wp:featuredmedia":[{"embeddable":true,"href":"https:\/\/www.opticadigital.cl\/opticadigital2023\/wp-json\/wp\/v2\/media\/4307"}],"wp:attachment":[{"href":"https:\/\/www.opticadigital.cl\/opticadigital2023\/wp-json\/wp\/v2\/media?parent=4296"}],"wp:term":[{"taxonomy":"category","embeddable":true,"href":"https:\/\/www.opticadigital.cl\/opticadigital2023\/wp-json\/wp\/v2\/categories?post=4296"},{"taxonomy":"post_tag","embeddable":true,"href":"https:\/\/www.opticadigital.cl\/opticadigital2023\/wp-json\/wp\/v2\/tags?post=4296"}],"curies":[{"name":"wp","href":"https:\/\/api.w.org\/{rel}","templated":true}]}}