{"id":2716,"date":"2024-08-16T03:04:13","date_gmt":"2024-08-16T06:04:13","guid":{"rendered":"https:\/\/www.opticadigital.cl\/opticadigital2023\/?p=2716"},"modified":"2025-09-28T01:19:21","modified_gmt":"2025-09-28T04:19:21","slug":"lentes-de-sol-con-aumento","status":"publish","type":"post","link":"https:\/\/www.opticadigital.cl\/opticadigital2023\/2024\/08\/16\/lentes-de-sol-con-aumento\/","title":{"rendered":"\u00bfa los lentes de sol se les puede poner aumento?"},"content":{"rendered":"\n<p class=\"has-ast-global-color-7-color has-text-color has-link-color wp-elements-0a1bd02d49a33a47bdd59a9b40a4cd12\">Claro que si puedes tener tus lentes de sol con aumento!!!<\/p>\n\n\n\n<p class=\"has-ast-global-color-7-color has-text-color has-link-color wp-elements-31d2cb7c0ecc6e56bd4e95a2160f8633\">S\u00ed, a los lentes de sol se pueden hacer con tu receta \u00f3ptica. Existen varias opciones para esto:<\/p>\n\n\n\n<ol class=\"wp-block-list\">\n<li class=\"has-ast-global-color-7-color has-text-color has-link-color wp-elements-73de59e1b3fdf9728c6aca766a8d96f2\"><strong>Cristal Sol te\u00f1ido :<\/strong> Mediante un tratamiento especial daremos color a tus cristales \u00f3pticos con tu graduaci\u00f3n, puedes elegir tu color favorito, incluye protecci\u00f3n UV. Disponible en s\u00f3lido y degrad\u00e9.<\/li>\n\n\n\n<li class=\"has-ast-global-color-7-color has-text-color has-link-color wp-elements-e4a5a6c3c08419e4b3b9c3b0bb77abe2\"><strong>Cristal Sol Polarizado :<\/strong> Son&nbsp;cristales de sol base a las que se les agrega una l\u00e1mina que filtra los rayos de sol que caen en una determinada direcci\u00f3n. De esta manera, se eliminan los reflejos y se permite una mejor visibilidad. Ideal para manejar.<\/li>\n\n\n\n<li class=\"has-ast-global-color-7-color has-text-color has-link-color wp-elements-7030539a294bac977b6e6b140a93e844\"><strong>Cristal Sol Polarizado Espejado :<\/strong> Permite el paso de los rayos verticales \u00fatiles para la visi\u00f3n y bloquea los oblicuos culpables del deslumbramiento. Mejorando la percepci\u00f3n de los colores y la definici\u00f3n de las formas. Disponibles en Amarillo, silver, Rojo, azul, verde.<\/li>\n\n\n\n<li class=\"has-ast-global-color-7-color has-text-color has-link-color wp-elements-f5bba17e03e8a837e9129eeef444f844\"><strong>Cristal Sol Fotocrom\u00e1tico Espejado :<\/strong> Serie de tres colores de espejados fotosensibles con la mejor nitidez con el m\u00ednimo deslumbramiento y sin restricciones en ninguna actividad. Disponible en Verde, Azul y silver.<\/li>\n<\/ol>\n\n\n\n<p><\/p>\n","protected":false},"excerpt":{"rendered":"<p>Claro que si puedes tener tus lentes de sol con aumento!!! S\u00ed, a los lentes de sol se pueden hacer con tu receta \u00f3ptica. Existen varias opciones para esto:<\/p>\n","protected":false},"author":1,"featured_media":2718,"comment_status":"open","ping_status":"open","sticky":false,"template":"","format":"standard","meta":{"site-sidebar-layout":"default","site-content-layout":"","ast-site-content-layout":"default","site-content-style":"default","site-sidebar-style":"default","ast-global-header-display":"","ast-banner-title-visibility":"","ast-main-header-display":"","ast-hfb-above-header-display":"","ast-hfb-below-header-display":"","ast-hfb-mobile-header-display":"","site-post-title":"","ast-breadcrumbs-content":"","ast-featured-img":"","footer-sml-layout":"","ast-disable-related-posts":"","theme-transparent-header-meta":"","adv-header-id-meta":"","stick-header-meta":"","header-above-stick-meta":"","header-main-stick-meta":"","header-below-stick-meta":"","astra-migrate-meta-layouts":"set","ast-page-background-enabled":"default","ast-page-background-meta":{"desktop":{"background-color":"","background-image":"","background-repeat":"repeat","background-position":"center center","background-size":"auto","background-attachment":"scroll","background-type":"","background-media":"","overlay-type":"","overlay-color":"","overlay-opacity":"","overlay-gradient":""},"tablet":{"background-color":"","background-image":"","background-repeat":"repeat","background-position":"center center","background-size":"auto","background-attachment":"scroll","background-type":"","background-media":"","overlay-type":"","overlay-color":"","overlay-opacity":"","overlay-gradient":""},"mobile":{"background-color":"","background-image":"","background-repeat":"repeat","background-position":"center center","background-size":"auto","background-attachment":"scroll","background-type":"","background-media":"","overlay-type":"","overlay-color":"","overlay-opacity":"","overlay-gradient":""}},"ast-content-background-meta":{"desktop":{"background-color":"var(--ast-global-color-5)","background-image":"","background-repeat":"repeat","background-position":"center center","background-size":"auto","background-attachment":"scroll","background-type":"","background-media":"","overlay-type":"","overlay-color":"","overlay-opacity":"","overlay-gradient":""},"tablet":{"background-color":"var(--ast-global-color-5)","background-image":"","background-repeat":"repeat","background-position":"center center","background-size":"auto","background-attachment":"scroll","background-type":"","background-media":"","overlay-type":"","overlay-color":"","overlay-opacity":"","overlay-gradient":""},"mobile":{"background-color":"var(--ast-global-color-5)","background-image":"","background-repeat":"repeat","background-position":"center center","background-size":"auto","background-attachment":"scroll","background-type":"","background-media":"","overlay-type":"","overlay-color":"","overlay-opacity":"","overlay-gradient":""}},"footnotes":""},"categories":[34],"tags":[],"class_list":["post-2716","post","type-post","status-publish","format-standard","has-post-thumbnail","hentry","category-noticias"],"_links":{"self":[{"href":"https:\/\/www.opticadigital.cl\/opticadigital2023\/wp-json\/wp\/v2\/posts\/2716","targetHints":{"allow":["GET"]}}],"collection":[{"href":"https:\/\/www.opticadigital.cl\/opticadigital2023\/wp-json\/wp\/v2\/posts"}],"about":[{"href":"https:\/\/www.opticadigital.cl\/opticadigital2023\/wp-json\/wp\/v2\/types\/post"}],"author":[{"embeddable":true,"href":"https:\/\/www.opticadigital.cl\/opticadigital2023\/wp-json\/wp\/v2\/users\/1"}],"replies":[{"embeddable":true,"href":"https:\/\/www.opticadigital.cl\/opticadigital2023\/wp-json\/wp\/v2\/comments?post=2716"}],"version-history":[{"count":2,"href":"https:\/\/www.opticadigital.cl\/opticadigital2023\/wp-json\/wp\/v2\/posts\/2716\/revisions"}],"predecessor-version":[{"id":4539,"href":"https:\/\/www.opticadigital.cl\/opticadigital2023\/wp-json\/wp\/v2\/posts\/2716\/revisions\/4539"}],"wp:featuredmedia":[{"embeddable":true,"href":"https:\/\/www.opticadigital.cl\/opticadigital2023\/wp-json\/wp\/v2\/media\/2718"}],"wp:attachment":[{"href":"https:\/\/www.opticadigital.cl\/opticadigital2023\/wp-json\/wp\/v2\/media?parent=2716"}],"wp:term":[{"taxonomy":"category","embeddable":true,"href":"https:\/\/www.opticadigital.cl\/opticadigital2023\/wp-json\/wp\/v2\/categories?post=2716"},{"taxonomy":"post_tag","embeddable":true,"href":"https:\/\/www.opticadigital.cl\/opticadigital2023\/wp-json\/wp\/v2\/tags?post=2716"}],"curies":[{"name":"wp","href":"https:\/\/api.w.org\/{rel}","templated":true}]}}