{"id":2076,"date":"2024-05-20T23:47:49","date_gmt":"2024-05-21T02:47:49","guid":{"rendered":"https:\/\/www.opticadigital.cl\/opticadigital2023\/?p=2076"},"modified":"2025-06-28T23:52:35","modified_gmt":"2025-06-29T02:52:35","slug":"que-son-los-cristales-fotocromaticos","status":"publish","type":"post","link":"https:\/\/www.opticadigital.cl\/opticadigital2023\/2024\/05\/20\/que-son-los-cristales-fotocromaticos\/","title":{"rendered":"\u00bfQu\u00e9 son los cristales fotocrom\u00e1ticos?"},"content":{"rendered":"\n<p class=\"has-ast-global-color-7-color has-text-color has-link-color wp-elements-b8fea93e0bb7ec75bbbe22364fc3fb5b\">La tecnolog\u00eda de los cristales fotocrom\u00e1ticos ha avanzado significativamente en los \u00faltimos a\u00f1os, brindando una soluci\u00f3n pr\u00e1ctica y elegante para quienes necesitan protecci\u00f3n ocular tanto en interiores como en exteriores. Estos cristales, que se oscurecen autom\u00e1ticamente al exponerse a la luz solar y se aclaran en ausencia de ella, est\u00e1n cambiando la manera en que vemos el mundo.<\/p>\n\n\n\n<h4 class=\"wp-block-heading has-ast-global-color-7-color has-text-color has-link-color wp-elements-4adc63b02274cb2895d62c5326c7ade7\">\u00bfQu\u00e9 Son los Cristales Fotocrom\u00e1ticos?<\/h4>\n\n\n\n<p class=\"has-ast-global-color-7-color has-text-color has-link-color wp-elements-91a6b1fd314c6eb8656c452994f41e47\">Los cristales fotocrom\u00e1ticos son un tipo de lentes oft\u00e1lmicos que contienen mol\u00e9culas especiales capaces de reaccionar a la radiaci\u00f3n ultravioleta (UV). Cuando estas mol\u00e9culas se exponen a la luz UV, experimentan un cambio qu\u00edmico que hace que los cristales se oscurezcan. Al disminuir la exposici\u00f3n a la luz UV, las mol\u00e9culas vuelven a su estado original, aclarando los cristales nuevamente.<\/p>\n\n\n\n<h4 class=\"wp-block-heading has-ast-global-color-7-color has-text-color has-link-color wp-elements-b43f617ca4a503f11306e6edac6ba739\">Historia y Evoluci\u00f3n<\/h4>\n\n\n\n<p class=\"has-ast-global-color-7-color has-text-color has-link-color wp-elements-513b82ed43e5d942c1df06f817969eed\">La idea de lentes que cambian de color no es nueva. Los primeros intentos de desarrollar esta tecnolog\u00eda datan de la d\u00e9cada de 1960. Sin embargo, los primeros cristales fotocrom\u00e1ticos disponibles comercialmente, lanzados en los a\u00f1os 90, ten\u00edan varias limitaciones, como una lenta transici\u00f3n entre estados y una durabilidad limitada. Hoy en d\u00eda, gracias a los avances en la ciencia de materiales y la qu\u00edmica, los cristales fotocrom\u00e1ticos modernos son m\u00e1s r\u00e1pidos, duraderos y efectivos que nunca.<\/p>\n\n\n\n<h4 class=\"wp-block-heading has-ast-global-color-7-color has-text-color has-link-color wp-elements-60d03246b460905cc6df101f20b38701\">Beneficios y Usos<\/h4>\n\n\n\n<p class=\"has-ast-global-color-7-color has-text-color has-link-color wp-elements-bb559b4dd9dd83684fa8d1d40470c8a6\">Los beneficios de los cristales fotocrom\u00e1ticos son numerosos. Para empezar, proporcionan una protecci\u00f3n continua contra los da\u00f1inos rayos UV sin la necesidad de cambiar de gafas. Esto es especialmente \u00fatil para personas que necesitan correcci\u00f3n visual y protecci\u00f3n solar simult\u00e1neamente. Adem\u00e1s, son ideales para actividades al aire libre, ya que reducen la fatiga ocular al adaptarse autom\u00e1ticamente a las condiciones de luz cambiantes.<\/p>\n\n\n\n<p class=\"has-ast-global-color-7-color has-text-color has-link-color wp-elements-40f8807eb19e0794808e29ca3f885cc3\">El uso de cristales fotocrom\u00e1ticos no se limita solo a las gafas de sol. Tambi\u00e9n se utilizan en aplicaciones m\u00e9dicas, como lentes de contacto, y en tecnolog\u00edas avanzadas, como ventanas inteligentes que pueden ayudar a regular la temperatura en edificios al oscurecerse autom\u00e1ticamente en respuesta a la luz solar intensa.<\/p>\n\n\n\n<h4 class=\"wp-block-heading has-ast-global-color-7-color has-text-color has-link-color wp-elements-ebcc297191895e5fa74470191352176f\">Innovaciones Recientes<\/h4>\n\n\n\n<p class=\"has-ast-global-color-7-color has-text-color has-link-color wp-elements-c8814df45e66b58cf810a85a0bbe70ba\">Recientemente, los investigadores han desarrollado cristales fotocrom\u00e1ticos con tiempos de respuesta m\u00e1s r\u00e1pidos y una gama m\u00e1s amplia de colores. Adem\u00e1s, algunos fabricantes est\u00e1n incorporando tecnolog\u00eda adicional, como filtros de luz azul para proteger contra la luz emitida por las pantallas digitales, lo que es una ventaja adicional para quienes pasan mucho tiempo frente a computadoras o dispositivos m\u00f3viles.<\/p>\n\n\n\n<p class=\"has-ast-global-color-7-color has-text-color has-link-color wp-elements-8da4d292e7e8d9ccf3f831687f43e5fe\">Otra \u00e1rea emocionante de innovaci\u00f3n es la integraci\u00f3n de cristales fotocrom\u00e1ticos en lentes de alta prescripci\u00f3n y gafas deportivas. Estas lentes est\u00e1n dise\u00f1adas para ofrecer una claridad \u00f3ptima y una protecci\u00f3n superior, lo que las hace ideales para atletas y personas con necesidades visuales espec\u00edficas.<\/p>\n\n\n\n<h4 class=\"wp-block-heading has-ast-global-color-7-color has-text-color has-link-color wp-elements-3419b745a9f504ade1c10634df315c64\">El Futuro de los Cristales Fotocrom\u00e1ticos<\/h4>\n\n\n\n<p class=\"has-ast-global-color-7-color has-text-color has-link-color wp-elements-109970fb04a177dc07ed63037e3c02aa\">El futuro de los cristales fotocrom\u00e1ticos parece brillante (y oscuro cuando es necesario). Con la continua inversi\u00f3n en investigaci\u00f3n y desarrollo, podemos esperar ver lentes que sean a\u00fan m\u00e1s r\u00e1pidos, m\u00e1s duraderos y m\u00e1s personalizados a las necesidades de los usuarios. Adem\u00e1s, la integraci\u00f3n de esta tecnolog\u00eda en nuevos campos y productos seguir\u00e1 ampliando sus aplicaciones y beneficios.<\/p>\n\n\n\n<p class=\"has-ast-global-color-1-color has-text-color has-link-color wp-elements-a33f98f4c52fbc766e2a957c686f1530\">En \u00d3ptica Digital contamos con una amplia gama de cristales Fotocrom\u00e1ticos disponible en el mercado. Tenemos muchos colores a elecci\u00f3n: Gris, Caf\u00e9, Azul, Rosado, Lila y Verde.<\/p>\n\n\n\n<p><\/p>\n","protected":false},"excerpt":{"rendered":"<p>La tecnolog\u00eda de los cristales fotocrom\u00e1ticos ha avanzado significativamente en los \u00faltimos a\u00f1os, brindando una soluci\u00f3n pr\u00e1ctica y elegante para quienes necesitan protecci\u00f3n ocular tanto en interiores como en exteriores. Estos cristales, que se oscurecen autom\u00e1ticamente al exponerse a la luz solar y se aclaran en ausencia de ella, est\u00e1n cambiando la manera en que [&hellip;]<\/p>\n","protected":false},"author":1,"featured_media":2674,"comment_status":"closed","ping_status":"closed","sticky":false,"template":"","format":"standard","meta":{"site-sidebar-layout":"default","site-content-layout":"","ast-site-content-layout":"default","site-content-style":"default","site-sidebar-style":"default","ast-global-header-display":"","ast-banner-title-visibility":"","ast-main-header-display":"","ast-hfb-above-header-display":"","ast-hfb-below-header-display":"","ast-hfb-mobile-header-display":"","site-post-title":"","ast-breadcrumbs-content":"","ast-featured-img":"","footer-sml-layout":"","ast-disable-related-posts":"","theme-transparent-header-meta":"","adv-header-id-meta":"","stick-header-meta":"","header-above-stick-meta":"","header-main-stick-meta":"","header-below-stick-meta":"","astra-migrate-meta-layouts":"set","ast-page-background-enabled":"default","ast-page-background-meta":{"desktop":{"background-color":"","background-image":"","background-repeat":"repeat","background-position":"center center","background-size":"auto","background-attachment":"scroll","background-type":"","background-media":"","overlay-type":"","overlay-color":"","overlay-opacity":"","overlay-gradient":""},"tablet":{"background-color":"","background-image":"","background-repeat":"repeat","background-position":"center center","background-size":"auto","background-attachment":"scroll","background-type":"","background-media":"","overlay-type":"","overlay-color":"","overlay-opacity":"","overlay-gradient":""},"mobile":{"background-color":"","background-image":"","background-repeat":"repeat","background-position":"center center","background-size":"auto","background-attachment":"scroll","background-type":"","background-media":"","overlay-type":"","overlay-color":"","overlay-opacity":"","overlay-gradient":""}},"ast-content-background-meta":{"desktop":{"background-color":"var(--ast-global-color-5)","background-image":"","background-repeat":"repeat","background-position":"center center","background-size":"auto","background-attachment":"scroll","background-type":"","background-media":"","overlay-type":"","overlay-color":"","overlay-opacity":"","overlay-gradient":""},"tablet":{"background-color":"var(--ast-global-color-5)","background-image":"","background-repeat":"repeat","background-position":"center center","background-size":"auto","background-attachment":"scroll","background-type":"","background-media":"","overlay-type":"","overlay-color":"","overlay-opacity":"","overlay-gradient":""},"mobile":{"background-color":"var(--ast-global-color-5)","background-image":"","background-repeat":"repeat","background-position":"center center","background-size":"auto","background-attachment":"scroll","background-type":"","background-media":"","overlay-type":"","overlay-color":"","overlay-opacity":"","overlay-gradient":""}},"footnotes":""},"categories":[34],"tags":[],"class_list":["post-2076","post","type-post","status-publish","format-standard","has-post-thumbnail","hentry","category-noticias"],"_links":{"self":[{"href":"https:\/\/www.opticadigital.cl\/opticadigital2023\/wp-json\/wp\/v2\/posts\/2076","targetHints":{"allow":["GET"]}}],"collection":[{"href":"https:\/\/www.opticadigital.cl\/opticadigital2023\/wp-json\/wp\/v2\/posts"}],"about":[{"href":"https:\/\/www.opticadigital.cl\/opticadigital2023\/wp-json\/wp\/v2\/types\/post"}],"author":[{"embeddable":true,"href":"https:\/\/www.opticadigital.cl\/opticadigital2023\/wp-json\/wp\/v2\/users\/1"}],"replies":[{"embeddable":true,"href":"https:\/\/www.opticadigital.cl\/opticadigital2023\/wp-json\/wp\/v2\/comments?post=2076"}],"version-history":[{"count":1,"href":"https:\/\/www.opticadigital.cl\/opticadigital2023\/wp-json\/wp\/v2\/posts\/2076\/revisions"}],"predecessor-version":[{"id":4270,"href":"https:\/\/www.opticadigital.cl\/opticadigital2023\/wp-json\/wp\/v2\/posts\/2076\/revisions\/4270"}],"wp:featuredmedia":[{"embeddable":true,"href":"https:\/\/www.opticadigital.cl\/opticadigital2023\/wp-json\/wp\/v2\/media\/2674"}],"wp:attachment":[{"href":"https:\/\/www.opticadigital.cl\/opticadigital2023\/wp-json\/wp\/v2\/media?parent=2076"}],"wp:term":[{"taxonomy":"category","embeddable":true,"href":"https:\/\/www.opticadigital.cl\/opticadigital2023\/wp-json\/wp\/v2\/categories?post=2076"},{"taxonomy":"post_tag","embeddable":true,"href":"https:\/\/www.opticadigital.cl\/opticadigital2023\/wp-json\/wp\/v2\/tags?post=2076"}],"curies":[{"name":"wp","href":"https:\/\/api.w.org\/{rel}","templated":true}]}}